{"id":1549,"date":"2025-12-09T15:06:38","date_gmt":"2025-12-09T15:06:38","guid":{"rendered":"https:\/\/sosyalzone.com\/blog\/?p=1549"},"modified":"2025-12-09T15:10:56","modified_gmt":"2025-12-09T15:10:56","slug":"instagram-kanali-nasil-acilir","status":"publish","type":"post","link":"https:\/\/sosyalzone.com\/blog\/instagram-kanali-nasil-acilir\/","title":{"rendered":"2026&#8217;da Instagram Kanal\u0131 Nas\u0131l A\u00e7\u0131l\u0131r?"},"content":{"rendered":"\n<p>Instagram; i\u00e7erik \u00fcreticiler ve markalar i\u00e7in her ge\u00e7en y\u0131l daha fazla etkile\u015fim odakl\u0131 \u00f6zellik sunmaya devam ediyor. 2026 itibar\u0131yla en pop\u00fcler yeniliklerden birisi de Instagram Yay\u0131n Kanallar\u0131d\u0131r. Bu \u00f6zellik takip\u00e7ilerle h\u0131zl\u0131, do\u011frudan ve tek y\u00f6nl\u00fc ileti\u015fim kurmay\u0131 sa\u011flayan g\u00fc\u00e7l\u00fc bir ara\u00e7 olarak \u00f6ne \u00e7\u0131kmaktad\u0131r. Duyurular, kampanyalar, \u00f6zel i\u00e7erikler ve topluluk y\u00f6netimi a\u00e7\u0131s\u0131ndan b\u00fcy\u00fck kolayl\u0131k sunan yay\u0131n kanallar\u0131 influencerlar, i\u015fletmeler ve i\u00e7erik \u00fcreticileri i\u00e7in vazge\u00e7ilmez bir ileti\u015fim alan\u0131 haline geldi. \u0130\u00e7eri\u011fimizde Instagram kanal\u0131 nas\u0131l a\u00e7\u0131l\u0131r, sorusuna cevap verece\u011fiz.<\/p>\n\n\n\n<h2 class=\"wp-block-heading\">Instagram Kanal \u00d6zelli\u011fi Nas\u0131l \u00c7al\u0131\u015f\u0131r?<\/h2>\n\n\n\n<p>Instagram Yay\u0131n Kanal\u0131, i\u00e7erik \u00fcreticilerinin takip\u00e7ilerine DM \u00fczerinden tek y\u00f6nl\u00fc ileti\u015fim kurabildi\u011fi \u00f6zel bir duyuru alan\u0131 gibi \u00e7al\u0131\u015f\u0131r. Kanallar do\u011frudan mesaj kutusunda g\u00f6r\u00fcn\u00fcr ve i\u00e7erikleri yaln\u0131zca kanal sahibi payla\u015fabilir. Takip\u00e7iler ise kanala kat\u0131ld\u0131klar\u0131nda payla\u015f\u0131lan metin, foto\u011fraf, video, anket, ses kayd\u0131 gibi t\u00fcm i\u00e7erikleri g\u00f6rebilir. Mesaj g\u00f6nderemeseler de anketlere kat\u0131labilir veya emoji tepkisi verebilirler.<\/p>\n\n\n\n<p>Bu sistem i\u00e7erik \u00fcreticilerin topluluklar\u0131na h\u0131zl\u0131 ula\u015fmas\u0131n\u0131 sa\u011flayarak duyuru, kampanya, \u00f6n bilgi veya \u00f6zel i\u00e7erik payla\u015f\u0131m\u0131n\u0131 \u00e7ok daha pratik hale getirir. Etkile\u015fim oran\u0131 y\u00fcksek olan i\u015fletmeler ve influencerlar i\u00e7in takip\u00e7i kitlesiyle daha g\u00fc\u00e7l\u00fc bir ba\u011f kurmay\u0131 kolayla\u015ft\u0131ran etkili bir ileti\u015fim arac\u0131 olarak \u00f6ne \u00e7\u0131kar.<\/p>\n\n\n\n<h2 class=\"wp-block-heading\">Instagram\u2019da Yay\u0131n Kanal\u0131 Nas\u0131l Olu\u015fturulur?<\/h2>\n\n\n\n<p>Instagram\u2019da yay\u0131n kanal\u0131 a\u00e7abilmek i\u00e7in hesab\u0131n\u0131z\u0131n \u0130\u00e7erik \u00dcretici t\u00fcr\u00fcnde olmas\u0131 gerekir. Ki\u015fisel ya da i\u015fletme hesaplar\u0131 bu \u00f6zelli\u011fi hen\u00fcz kullanamaz. Hesab\u0131n\u0131z uygunsa a\u015fa\u011f\u0131daki ad\u0131mlar\u0131 izleyerek kolayca bir yay\u0131n kanal\u0131 olu\u015fturabilirsiniz:<\/p>\n\n\n\n<ol class=\"wp-block-list\">\n<li>Profilinizin sa\u011f \u00fcst k\u00f6\u015fesindeki mesaj ikonuna dokunun.<\/li>\n\n\n\n<li>Sa\u011f \u00fcstte yer alan \u201c<strong>Yeni Mesaj<\/strong>\u201d simgesine t\u0131klay\u0131n.<\/li>\n\n\n\n<li>Kar\u015f\u0131n\u0131za \u00e7\u0131kan se\u00e7enekler aras\u0131nda \u201c<strong>Yay\u0131n Kanal\u0131 Olu\u015ftur<\/strong>\u201d ifadesi g\u00f6r\u00fcn\u00fcr.<\/li>\n\n\n\n<li>Butona dokunarak kurulum s\u00fcrecini ba\u015flat\u0131n.<\/li>\n\n\n\n<li>A\u00e7\u0131lan d\u00fczenleme ekran\u0131nda kanal ad\u0131n\u0131 belirleyebilir, kanal\u0131n herkese a\u00e7\u0131k m\u0131 yoksa belirli takip\u00e7ilere \u00f6zel mi olaca\u011f\u0131n\u0131 se\u00e7ebilir, kanal\u0131n s\u00fcre s\u0131n\u0131r\u0131n\u0131 ayarlayabilir, kanal\u0131n profilinizde g\u00f6r\u00fcnt\u00fclenip g\u00f6r\u00fcnt\u00fclenmeyece\u011fini belirleyebilirsiniz.<\/li>\n\n\n\n<li>T\u00fcm ayarlar\u0131 tamamlad\u0131ktan sonra tekrar \u201c<strong>Yay\u0131n Kanal\u0131 Olu\u015ftur<\/strong>\u201d butonuna dokunarak kanal\u0131n\u0131z\u0131 aktif hale getirin.<\/li>\n<\/ol>\n\n\n\n<p>E\u011fer daha \u00f6nce olu\u015fturdu\u011funuz bir kanalda d\u00fczenleme yapman\u0131z gerekiyorsa ayn\u0131 ad\u0131mlar\u0131 takip etti\u011finizde se\u00e7eneklerin en \u00fcst\u00fcnde \u201c<strong>Kanallar<\/strong>\u201d ba\u015fl\u0131\u011f\u0131n\u0131 g\u00f6receksiniz. Buradan mevcut kanal\u0131n\u0131z\u0131 se\u00e7ip gerekli d\u00fczenlemeleri yapabilirsiniz.<\/p>\n\n\n\n<h2 class=\"wp-block-heading\">Takip\u00e7ilerinizi Yay\u0131n Kanal\u0131n\u0131za Nas\u0131l Davet Edebilirsiniz?<\/h2>\n\n\n\n<p>Yay\u0131n kanal\u0131n\u0131z\u0131 olu\u015fturduktan sonra takip\u00e7ilerinizi kanala kat\u0131lmaya y\u00f6nlendirmek i\u00e7in birka\u00e7 etkili y\u00f6ntem kullanabilirsiniz:<\/p>\n\n\n\n<ol class=\"wp-block-list\">\n<li>Kanal\u0131n\u0131z\u0131 kurup ilk payla\u015f\u0131m\u0131n\u0131z\u0131 yapt\u0131\u011f\u0131n\u0131z anda Instagram takip\u00e7ilerinize otomatik bir bildirim g\u00f6ndererek onlar\u0131 kanala kat\u0131lmaya davet eder.<\/li>\n\n\n\n<li>T\u0131pk\u0131 bir grup sohbetine ki\u015fi eklemek gibi yay\u0131n kanal\u0131n\u0131z i\u00e7in de \u00f6zel bir davet linki olu\u015fturabilirsiniz. Kanal ad\u0131n\u0131za dokunup ba\u011flant\u0131y\u0131 kopyalayarak diledi\u011finiz platformda payla\u015fabilirsiniz.<\/li>\n\n\n\n<li>Yay\u0131n kanal\u0131n\u0131z\u0131n linkini Instagram hikayelerine ekleyerek daha fazla ki\u015fiye eri\u015febilirsiniz.<\/li>\n\n\n\n<li>Kanal\u0131n\u0131zdaki tek bir mesaj\u0131 payla\u015fmak istiyorsan\u0131z ilgili mesaja bas\u0131l\u0131 tutarak \u201c<strong>Hikayede Payla\u015f<\/strong>\u201d se\u00e7ene\u011fini kullanabilirsiniz.<\/li>\n<\/ol>\n\n\n\n<p>Yay\u0131n kanal\u0131 \u00f6zellikleri Instagram\u2019\u0131n yeni g\u00fcncellemelerine ve hesap t\u00fcrlerine g\u00f6re de\u011fi\u015fiklik g\u00f6sterebilir. Bu nedenle hesab\u0131n\u0131z\u0131n ayarlar\u0131n\u0131 kontrol etmek her zaman faydal\u0131 olacakt\u0131r.<\/p>\n\n\n\n<h2 class=\"wp-block-heading\">Instagram Yay\u0131n Kanallar\u0131 Nas\u0131l Bulunur?<\/h2>\n\n\n\n<p>Instagram\u2019da yay\u0131n kanallar\u0131n\u0131 ke\u015ffetmek olduk\u00e7a kolayd\u0131r. A\u015fa\u011f\u0131daki y\u00f6ntemleri kullanarak ilgilendi\u011finiz kanallara h\u0131zl\u0131ca ula\u015fabilirsiniz:<\/p>\n\n\n\n<ul class=\"wp-block-list\">\n<li>Ana ekran\u0131n sa\u011f \u00fcst k\u00f6\u015fesindeki mesaj ikonuna dokunun. Ard\u0131ndan DM ekran\u0131nda yer alan arama \u00e7ubu\u011funa kanal ad\u0131, kullan\u0131c\u0131 ad\u0131 veya ilgili anahtar kelimeleri yazarak arama yapabilirsiniz.<\/li>\n\n\n\n<li>Instagram, takip etti\u011finiz hesaplara ve ilgi alanlar\u0131n\u0131za g\u00f6re baz\u0131 yay\u0131n kanallar\u0131n\u0131 \u00f6neri olarak g\u00f6sterebilir. Arama sonu\u00e7lar\u0131nda \u00f6nerileri g\u00f6rebilir ve ilginizi \u00e7eken kanallara g\u00f6z atabilirsiniz.<\/li>\n\n\n\n<li>Bir kullan\u0131c\u0131n\u0131n profiline girdi\u011finizde e\u011fer o ki\u015fi bir yay\u0131n kanal\u0131 olu\u015fturmu\u015fsa kanal bilgisi genellikle biyografi b\u00f6l\u00fcm\u00fcn\u00fcn alt\u0131nda yer al\u0131r. Buradan direkt olarak kanala kat\u0131labilirsiniz.<\/li>\n\n\n\n<li>Takip etti\u011finiz bir hesap yeni bir yay\u0131n kanal\u0131 a\u00e7t\u0131\u011f\u0131nda Instagram genellikle bir bildirim g\u00f6nderir.<\/li>\n<\/ul>\n\n\n\n<p>Yukar\u0131daki ad\u0131mlar\u0131 kullanarak Instagram\u2019daki yay\u0131n kanallar\u0131n\u0131 kolayca bulabilirsiniz.<\/p>\n\n\n\n<h3 class=\"wp-block-heading\">Instagram Kanal \u00d6zelli\u011fi \u0130\u00e7in Gerekli \u015eartlar Nelerdir?<\/h3>\n\n\n\n<p>Instagram\u2019da yay\u0131n kanal\u0131 a\u00e7abilmek i\u00e7in hesab\u0131n\u0131z\u0131n profesyonel hesap olmas\u0131 gerekir. Yani hesab\u0131n\u0131z\u0131n t\u00fcr\u00fc i\u015fletme ya da i\u00e7erik \u00fcreticisi olmal\u0131d\u0131r. Ki\u015fisel hesaplarla yay\u0131n kanal\u0131 olu\u015fturmak m\u00fcmk\u00fcn de\u011fildir. Ki\u015fisel hesab\u0131n\u0131z\u0131 profesyonel hesaba d\u00f6n\u00fc\u015ft\u00fcrmek isterseniz \u015fu ad\u0131mlar\u0131 izleyebilirsiniz:<\/p>\n\n\n\n<ol class=\"wp-block-list\">\n<li>Profilinize gidin ve sa\u011f \u00fcst k\u00f6\u015fedeki \u00fc\u00e7 \u00e7izgi men\u00fcs\u00fcne dokunun.<\/li>\n\n\n\n<li>Sayfan\u0131n alt k\u0131sm\u0131na ilerleyerek \u201c<strong>\u0130\u00e7erik \u00dcretici Ara\u00e7lar\u0131 ve Kontrolleri<\/strong>\u201d<strong> <\/strong>se\u00e7ene\u011fini bulun.<\/li>\n\n\n\n<li>\u201c<strong>Profesyonel Hesaba Ge\u00e7i\u015f Yap<\/strong>\u201d butonuna dokunup y\u00f6nlendirmeleri takip ederek i\u015flemi tamamlay\u0131n.<\/li>\n<\/ol>\n\n\n\n<p>Yukar\u0131daki ad\u0131mlardan sonra hesab\u0131n\u0131z yay\u0131n kanal\u0131 olu\u015fturma kriterlerini kar\u015f\u0131lar hale gelecektir.<\/p>\n\n\n\n<h2 class=\"wp-block-heading\">Instagram Yay\u0131n Kanallar\u0131 Nas\u0131l Kullan\u0131l\u0131r?<\/h2>\n\n\n\n<p>Instagram yay\u0131n kanallar\u0131 DM mant\u0131\u011f\u0131n\u0131 koruyan sade bir yap\u0131ya sahiptir. \u00d6zellikle basit tutulmu\u015f sistem kullan\u0131c\u0131lar\u0131n h\u0131zl\u0131 ve do\u011frudan bilgi almas\u0131n\u0131 sa\u011flar. Yay\u0131n kanal\u0131n\u0131z\u0131 etkili \u015fekilde kullanmak i\u00e7in \u015fu y\u00f6ntemlerden yararlanabilirsiniz:<\/p>\n\n\n\n<h3 class=\"wp-block-heading\">D\u00fczenli ve \u00c7e\u015fitli \u0130\u00e7erikler Payla\u015f\u0131n<\/h3>\n\n\n\n<p>Yay\u0131n kanallar\u0131nda metin, foto\u011fraf, video, ses kayd\u0131 ve anket gibi bir\u00e7ok farkl\u0131 formatta i\u00e7erik payla\u015fabilirsiniz. \u00d6zellikle sesli notlar takip\u00e7ilere daha samimi ve ki\u015fisel bir deneyim sunar. Kamera arkas\u0131 g\u00f6r\u00fcnt\u00fcler, \u00f6n g\u00f6sterimler veya e\u011flenceli videola\u0131 gibi i\u00e7erikler ise takip\u00e7ilerin ilgisini canl\u0131 tutar. D\u00fczenli payla\u015f\u0131m yapmak kanal\u0131n aktif g\u00f6r\u00fcnmesini sa\u011flar. Ayn\u0131 zamanda takip\u00e7ilerinizin kanala olan ba\u011fl\u0131l\u0131\u011f\u0131n\u0131 art\u0131r\u0131r.<\/p>\n\n\n\n<h3 class=\"wp-block-heading\">Sadece Abonelere \u00d6zel \u0130\u00e7erik Sunun<\/h3>\n\n\n\n<p>E\u011fer Instagram \u00fczerinden gelir elde etmeyi planl\u0131yorsan\u0131z yay\u0131n kanallar\u0131 abonelere \u00f6zel i\u00e7erik sunmak i\u00e7in olduk\u00e7a etkili bir y\u00f6ntemdir. Bu kanallarda yaln\u0131zca \u00fccretli abonelere y\u00f6nelik bilgi, e\u011fitim, duyuru veya \u00f6zel i\u00e7erikler payla\u015farak takip\u00e7ilerinize ayr\u0131cal\u0131kl\u0131 bir alan olu\u015fturabilirsiniz. B\u00f6ylece hem toplulu\u011funuzla daha g\u00fc\u00e7l\u00fc bir ba\u011f kurabilir hem de ek gelir sa\u011flayabilece\u011finiz premium bir kanal yap\u0131s\u0131 olu\u015fturabilirsiniz.<\/p>\n\n\n\n<h3 class=\"wp-block-heading\">Markal\u0131 \u0130\u00e7erikleri Do\u011fru \u015eekilde Payla\u015f\u0131n<\/h3>\n\n\n\n<p>Yay\u0131n kanallar\u0131 markalar\u0131n kampanya duyurular\u0131, indirim bilgileri veya yeni \u00fcr\u00fcn tan\u0131t\u0131mlar\u0131 gibi ticari i\u00e7erikleri payla\u015fmak i\u00e7in olduk\u00e7a uygun bir platform sunar. Ancak bu t\u00fcr payla\u015f\u0131mlarda mutlaka \u00fccretli ortakl\u0131k arac\u0131n\u0131 kullanarak i\u015fbirli\u011fini a\u00e7\u0131k\u00e7a belirtmeniz gerekir. Bu sayede hem takip\u00e7ilerinizle \u015feffaf bir ileti\u015fim kurman\u0131z\u0131 sa\u011flar hem de Instagram\u2019\u0131n markal\u0131 i\u00e7erik politikalar\u0131na uyumlu hareket etmenize yard\u0131mc\u0131 olur. Yakla\u015f\u0131m\u0131 benimseyerek yay\u0131n kanal\u0131n\u0131z\u0131 hem profesyonel hem de etkili bir ileti\u015fim alan\u0131na d\u00f6n\u00fc\u015ft\u00fcrebilirsiniz.<\/p>\n\n\n\n<h2 class=\"wp-block-heading\">Instagram Yay\u0131n Kanallar\u0131n\u0131 Kullanman\u0131n Avantajlar\u0131<\/h2>\n\n\n\n<p>Instagram yay\u0131n kanallar\u0131 toplulu\u011fuyla daha g\u00fc\u00e7l\u00fc ve s\u00fcrekli ileti\u015fim kurmak isteyen i\u00e7erik \u00fcreticileri i\u00e7in son derece etkili bir ara\u00e7t\u0131r. Yay\u0131n kanallar\u0131n\u0131n \u00f6zelli\u011fin sundu\u011fu ba\u015fl\u0131ca avantajlar a\u015fa\u011f\u0131daki \u015fekildedir:<\/p>\n\n\n\n<h3 class=\"wp-block-heading\">H\u0131zl\u0131 ve Etkile\u015fim Odakl\u0131 \u0130leti\u015fim<\/h3>\n\n\n\n<p>Yay\u0131n kanallar\u0131n\u0131n en b\u00fcy\u00fck avantaj\u0131 g\u00f6nderilen mesajlar\u0131n takip\u00e7ilere an\u0131nda ula\u015fmas\u0131d\u0131r. Payla\u015ft\u0131\u011f\u0131n\u0131z i\u00e7erikler kanal \u00fcyelerinin DM kutusunda hemen g\u00f6r\u00fcn\u00fcr ve takip\u00e7ileriniz bu mesajlara emoji tepkileri verebilir, anketlere kat\u0131labilir ve g\u00fcncellemelerinize h\u0131zl\u0131ca yan\u0131t verebilir. Bu h\u0131zl\u0131 yap\u0131 toplulu\u011funuzla daha samimi, dinamik ve g\u00fc\u00e7l\u00fc bir ba\u011f kurman\u0131za yard\u0131mc\u0131 olur.<\/p>\n\n\n\n<h3 class=\"wp-block-heading\">Daha Fazla Ke\u015ffedilebilirlik ve A\u00e7\u0131k Eri\u015fim<\/h3>\n\n\n\n<p>Yay\u0131n kanallar\u0131 herkese a\u00e7\u0131k bir yap\u0131ya sahip oldu\u011fu i\u00e7in Instagram kullan\u0131c\u0131lar\u0131 taraf\u0131ndan kolayca ke\u015ffedilebilir. Bu sayede daha geni\u015f bir kitleye ula\u015fabilir ve yeni takip\u00e7iler kazanabilirsiniz. A\u00e7\u0131k eri\u015fim \u00f6zelli\u011fi yapt\u0131\u011f\u0131n\u0131z duyurular\u0131n hem mevcut takip\u00e7ilere hem de potansiyel yeni kullan\u0131c\u0131lara ula\u015fmas\u0131n\u0131 sa\u011flayarak eri\u015fim ve etkile\u015fim oranlar\u0131n\u0131z\u0131 do\u011fal olarak y\u00fckseltir.<br><\/p>\n\n\n\n<h3 class=\"wp-block-heading\">Esnek \u0130\u00e7erik Payla\u015f\u0131m\u0131 ve Tan\u0131t\u0131m \u0130mkanlar<\/h3>\n\n\n\n<p>Instagram yay\u0131n kanallar\u0131 i\u00e7eri\u011finizi farkl\u0131 \u015fekillerde tan\u0131tman\u0131za olanak tan\u0131yan olduk\u00e7a esnek bir yap\u0131ya sahiptir. Kanal linkini do\u011frudan payla\u015fabilirsiniz. Ayn\u0131 zamanda hikayelerde ba\u011flant\u0131 ekleyebilir, kanaldaki belirli mesajlar\u0131 hikayelerde yeniden payla\u015fabilir ve hatta kat\u0131l\u0131m\u0131 art\u0131rmak i\u00e7in QR kodu olu\u015fturabilirsiniz. \u00c7ok y\u00f6nl\u00fc payla\u015f\u0131m imkan\u0131 sayesinde yay\u0131n kanal\u0131n\u0131z\u0131n Instagram\u2019\u0131n \u00e7e\u015fitli alanlar\u0131nda daha fazla g\u00f6r\u00fcn\u00fcr olmas\u0131n\u0131 sa\u011flayarak eri\u015fim ve etkile\u015fimi art\u0131rabilirsiniz.<\/p>\n\n\n\n<h3 class=\"wp-block-heading\">Markal\u0131 \u0130\u00e7eriklerde G\u00fcven ve Uyum Sa\u011flar<\/h3>\n\n\n\n<p>Markalarla i\u015f birli\u011fi yap\u0131yorsan\u0131z yay\u0131n kanal\u0131nda \u00fccretli ortakl\u0131k arac\u0131n\u0131 kullanarak i\u015f birliklerini a\u00e7\u0131k bir \u015fekilde belirtmeniz \u00f6nemlidir. \u015eeffaf yakla\u015f\u0131m takip\u00e7ilerinizin g\u00fcvenini art\u0131r\u0131r. Instagram\u2019\u0131n markal\u0131 i\u00e7erik kurallar\u0131na uyum sa\u011flaman\u0131za yard\u0131mc\u0131 olur. Bu sayede hem platformun y\u00f6nergelerine uygun hareket eder hem de toplulu\u011funuzla g\u00fcvene dayal\u0131 bir ileti\u015fim kurars\u0131n\u0131z.<\/p>\n\n\n\n<h2 class=\"wp-block-heading\">Instagram Yay\u0131n Kanal\u0131na Davet Edildi Ne Anlama Gelir?<\/h2>\n\n\n\n<p>Instagram yay\u0131n kanal\u0131na davet edildi ifadesi bir i\u00e7erik \u00fcreticisi, marka veya kullan\u0131c\u0131n\u0131n sizi kendi yay\u0131n kanal\u0131na kat\u0131lman\u0131z i\u00e7in davet etti\u011fi anlam\u0131na gelir. Bu davet DM arac\u0131l\u0131\u011f\u0131yla, profil \u00fczerinde bulunan kanal ba\u011flant\u0131s\u0131yla, hikayelerde payla\u015f\u0131lan linklerle veya g\u00f6nderiler \u00fczerinden yap\u0131labilir. Daveti kabul etti\u011finizde kanal sahibinin payla\u015ft\u0131\u011f\u0131 duyurular\u0131, \u00f6zel i\u00e7erikleri ve g\u00fcncellemeleri DM kutunuzdan tek bir sohbet ekran\u0131 i\u00e7inde kolayca takip edebilirsiniz.<\/p>\n\n\n\n<h2 class=\"wp-block-heading\">Instagram&#8217;da Neden Yay\u0131n Kanal\u0131 Olu\u015fturam\u0131yorum?<\/h2>\n\n\n\n<p>Instagram\u2019da yay\u0131n kanal\u0131 a\u00e7am\u0131yorsan\u0131z bunun birka\u00e7 nedeni olabilir. En s\u0131k kar\u015f\u0131la\u015f\u0131lan sebepler aras\u0131nda \u015funlar yer almaktad\u0131r:<\/p>\n\n\n\n<ul class=\"wp-block-list\">\n<li><strong>Hesap t\u00fcr\u00fcn\u00fcz uygun olmayabilir:<\/strong> Yay\u0131n kanal\u0131 \u00f6zelli\u011fi yaln\u0131zca i\u00e7erik \u00fcretici hesaplara a\u00e7\u0131kt\u0131r. Ki\u015fisel veya i\u015fletme hesab\u0131 kullan\u0131yorsan\u0131z se\u00e7enek g\u00f6r\u00fcnmez.<\/li>\n\n\n\n<li><strong>Profiliniz gizli olabilir:<\/strong> Gizli profillerde yay\u0131n kanal\u0131 olu\u015fturma \u00f6zelli\u011fi baz\u0131 durumlarda desteklenmeyebilir. Profilinizi herkese a\u00e7\u0131k hale getirmeniz gerekebilir.<\/li>\n\n\n\n<li><strong>Hesab\u0131n\u0131z yeterince aktif olmayabilir:<\/strong> Uzun s\u00fcredir payla\u015f\u0131m yapmayan veya d\u00fc\u015f\u00fck etkile\u015fim alan hesaplarda \u00f6zellik kullan\u0131ma kapal\u0131 olabilir. D\u00fczenli i\u00e7erik payla\u015f\u0131m\u0131 ve etkile\u015fim \u00f6zelli\u011fin a\u00e7\u0131lmas\u0131na katk\u0131 sa\u011flayabilir.<\/li>\n\n\n\n<li><strong>Uygulaman\u0131z g\u00fcncel olmayabilir:<\/strong> Instagram\u2019\u0131n eski s\u00fcr\u00fcmlerinde yay\u0131n kanal\u0131 g\u00f6r\u00fcnmeyebilir. Uygulamay\u0131 en son s\u00fcr\u00fcme g\u00fcncelleyerek tekrar kontrol etmeniz \u00f6nemlidir.<\/li>\n<\/ul>\n\n\n\n<p>Yukar\u0131daki maddelerden birisi sorunun kayna\u011f\u0131 ise gerekli d\u00fczeltmeleri yaparak Instagram yay\u0131n kanal\u0131 \u00f6zelli\u011fine eri\u015febilirsiniz.<\/p>\n","protected":false},"excerpt":{"rendered":"<p>Instagram; i\u00e7erik \u00fcreticiler ve markalar i\u00e7in her ge\u00e7en y\u0131l daha fazla etkile\u015fim odakl\u0131 \u00f6zellik sunmaya devam ediyor. 2026 itibar\u0131yla en pop\u00fcler yeniliklerden birisi de Instagram Yay\u0131n Kanallar\u0131d\u0131r. Bu \u00f6zellik takip\u00e7ilerle h\u0131zl\u0131, do\u011frudan ve tek y\u00f6nl\u00fc ileti\u015fim kurmay\u0131 sa\u011flayan g\u00fc\u00e7l\u00fc bir ara\u00e7 olarak \u00f6ne \u00e7\u0131kmaktad\u0131r. Duyurular, kampanyalar, \u00f6zel i\u00e7erikler ve topluluk y\u00f6netimi a\u00e7\u0131s\u0131ndan b\u00fcy\u00fck kolayl\u0131k sunan &hellip;<\/p>\n","protected":false},"author":1,"featured_media":1550,"comment_status":"open","ping_status":"open","sticky":false,"template":"","format":"standard","meta":{"footnotes":""},"categories":[3,13],"tags":[],"class_list":["post-1549","post","type-post","status-publish","format-standard","has-post-thumbnail","hentry","category-instagram","category-nasil-yapilir"],"yoast_head":"<!-- This site is optimized with the Yoast SEO plugin v26.6 - https:\/\/yoast.com\/wordpress\/plugins\/seo\/ -->\n<title>2026&#039;da Instagram Kanal\u0131 Nas\u0131l A\u00e7\u0131l\u0131r? [Ad\u0131m Ad\u0131m Anlat\u0131m]<\/title>\n<meta name=\"description\" content=\"&#039;Instagram\u2019da kanal nas\u0131l a\u00e7\u0131l\u0131r?&#039; sorusunu ad\u0131m ad\u0131m anlat\u0131yoruz. Kendi yay\u0131n kanal\u0131n\u0131z\u0131 olu\u015fturup takip\u00e7ilerinizle anl\u0131k i\u00e7erik payla\u015fmak i\u00e7in t\u0131klay\u0131n.\" \/>\n<meta name=\"robots\" content=\"index, follow, max-snippet:-1, max-image-preview:large, max-video-preview:-1\" \/>\n<link rel=\"canonical\" href=\"https:\/\/sosyalzone.com\/blog\/instagram-kanali-nasil-acilir\/\" \/>\n<meta property=\"og:locale\" content=\"tr_TR\" \/>\n<meta property=\"og:type\" content=\"article\" \/>\n<meta property=\"og:title\" content=\"2026&#039;da Instagram Kanal\u0131 Nas\u0131l A\u00e7\u0131l\u0131r? [Ad\u0131m Ad\u0131m Anlat\u0131m]\" \/>\n<meta property=\"og:description\" content=\"&#039;Instagram\u2019da kanal nas\u0131l a\u00e7\u0131l\u0131r?&#039; sorusunu ad\u0131m ad\u0131m anlat\u0131yoruz. Kendi yay\u0131n kanal\u0131n\u0131z\u0131 olu\u015fturup takip\u00e7ilerinizle anl\u0131k i\u00e7erik payla\u015fmak i\u00e7in t\u0131klay\u0131n.\" \/>\n<meta property=\"og:url\" content=\"https:\/\/sosyalzone.com\/blog\/instagram-kanali-nasil-acilir\/\" \/>\n<meta property=\"og:site_name\" content=\"SosyalZone Blog\" \/>\n<meta property=\"article:published_time\" content=\"2025-12-09T15:06:38+00:00\" \/>\n<meta property=\"article:modified_time\" content=\"2025-12-09T15:10:56+00:00\" \/>\n<meta property=\"og:image\" content=\"https:\/\/sosyalzone.com\/blog\/wp-content\/uploads\/2025\/12\/2025te-instagram-kanali-nasil-acilir.webp\" \/>\n\t<meta property=\"og:image:width\" content=\"2400\" \/>\n\t<meta property=\"og:image:height\" content=\"1792\" \/>\n\t<meta property=\"og:image:type\" content=\"image\/webp\" \/>\n<meta name=\"author\" content=\"Emir \u00d6zt\u00fcrk\" \/>\n<meta name=\"twitter:card\" content=\"summary_large_image\" \/>\n<meta name=\"twitter:label1\" content=\"Yazan:\" \/>\n\t<meta name=\"twitter:data1\" content=\"Emir \u00d6zt\u00fcrk\" \/>\n\t<meta name=\"twitter:label2\" content=\"Tahmini okuma s\u00fcresi\" \/>\n\t<meta name=\"twitter:data2\" content=\"8 dakika\" \/>\n<script type=\"application\/ld+json\" class=\"yoast-schema-graph\">{\"@context\":\"https:\/\/schema.org\",\"@graph\":[{\"@type\":\"WebPage\",\"@id\":\"https:\/\/sosyalzone.com\/blog\/instagram-kanali-nasil-acilir\/\",\"url\":\"https:\/\/sosyalzone.com\/blog\/instagram-kanali-nasil-acilir\/\",\"name\":\"2026'da Instagram Kanal\u0131 Nas\u0131l A\u00e7\u0131l\u0131r? [Ad\u0131m Ad\u0131m Anlat\u0131m]\",\"isPartOf\":{\"@id\":\"https:\/\/sosyalzone.com\/blog\/#website\"},\"primaryImageOfPage\":{\"@id\":\"https:\/\/sosyalzone.com\/blog\/instagram-kanali-nasil-acilir\/#primaryimage\"},\"image\":{\"@id\":\"https:\/\/sosyalzone.com\/blog\/instagram-kanali-nasil-acilir\/#primaryimage\"},\"thumbnailUrl\":\"https:\/\/sosyalzone.com\/blog\/wp-content\/uploads\/2025\/12\/2025te-instagram-kanali-nasil-acilir.webp\",\"datePublished\":\"2025-12-09T15:06:38+00:00\",\"dateModified\":\"2025-12-09T15:10:56+00:00\",\"author\":{\"@id\":\"https:\/\/sosyalzone.com\/blog\/#\/schema\/person\/ce53b21ca66b0aecc66af17a6b6a43b0\"},\"description\":\"'Instagram\u2019da kanal nas\u0131l a\u00e7\u0131l\u0131r?' sorusunu ad\u0131m ad\u0131m anlat\u0131yoruz. Kendi yay\u0131n kanal\u0131n\u0131z\u0131 olu\u015fturup takip\u00e7ilerinizle anl\u0131k i\u00e7erik payla\u015fmak i\u00e7in t\u0131klay\u0131n.\",\"breadcrumb\":{\"@id\":\"https:\/\/sosyalzone.com\/blog\/instagram-kanali-nasil-acilir\/#breadcrumb\"},\"inLanguage\":\"tr\",\"potentialAction\":[{\"@type\":\"ReadAction\",\"target\":[\"https:\/\/sosyalzone.com\/blog\/instagram-kanali-nasil-acilir\/\"]}]},{\"@type\":\"ImageObject\",\"inLanguage\":\"tr\",\"@id\":\"https:\/\/sosyalzone.com\/blog\/instagram-kanali-nasil-acilir\/#primaryimage\",\"url\":\"https:\/\/sosyalzone.com\/blog\/wp-content\/uploads\/2025\/12\/2025te-instagram-kanali-nasil-acilir.webp\",\"contentUrl\":\"https:\/\/sosyalzone.com\/blog\/wp-content\/uploads\/2025\/12\/2025te-instagram-kanali-nasil-acilir.webp\",\"width\":2400,\"height\":1792,\"caption\":\"2025'te Instagram Kanal\u0131 Nas\u0131l A\u00e7\u0131l\u0131r?\"},{\"@type\":\"BreadcrumbList\",\"@id\":\"https:\/\/sosyalzone.com\/blog\/instagram-kanali-nasil-acilir\/#breadcrumb\",\"itemListElement\":[{\"@type\":\"ListItem\",\"position\":1,\"name\":\"Anasayfa\",\"item\":\"https:\/\/sosyalzone.com\/blog\/\"},{\"@type\":\"ListItem\",\"position\":2,\"name\":\"2026&#8217;da Instagram Kanal\u0131 Nas\u0131l A\u00e7\u0131l\u0131r?\"}]},{\"@type\":\"WebSite\",\"@id\":\"https:\/\/sosyalzone.com\/blog\/#website\",\"url\":\"https:\/\/sosyalzone.com\/blog\/\",\"name\":\"SosyalZone Blog\",\"description\":\"\",\"potentialAction\":[{\"@type\":\"SearchAction\",\"target\":{\"@type\":\"EntryPoint\",\"urlTemplate\":\"https:\/\/sosyalzone.com\/blog\/?s={search_term_string}\"},\"query-input\":{\"@type\":\"PropertyValueSpecification\",\"valueRequired\":true,\"valueName\":\"search_term_string\"}}],\"inLanguage\":\"tr\"},{\"@type\":\"Person\",\"@id\":\"https:\/\/sosyalzone.com\/blog\/#\/schema\/person\/ce53b21ca66b0aecc66af17a6b6a43b0\",\"name\":\"Emir \u00d6zt\u00fcrk\",\"image\":{\"@type\":\"ImageObject\",\"inLanguage\":\"tr\",\"@id\":\"https:\/\/sosyalzone.com\/blog\/#\/schema\/person\/image\/\",\"url\":\"https:\/\/secure.gravatar.com\/avatar\/992544928b1cf7117997f6848d148368fbda027bcd3c68a53fe341bee87bbb4f?s=96&d=mm&r=g\",\"contentUrl\":\"https:\/\/secure.gravatar.com\/avatar\/992544928b1cf7117997f6848d148368fbda027bcd3c68a53fe341bee87bbb4f?s=96&d=mm&r=g\",\"caption\":\"Emir \u00d6zt\u00fcrk\"},\"description\":\"\u0130lgisini \u00e7eken konularda ara\u015ft\u0131rmay\u0131 ve yazmay\u0131 sever! Sosyal medya, teknoloji gibi konularda bilgi edinmek i\u00e7in blog yaz\u0131lar\u0131m\u0131 takip edebilirsiniz.\",\"url\":\"https:\/\/sosyalzone.com\/blog\/author\/admin\/\"}]}<\/script>\n<!-- \/ Yoast SEO plugin. -->","yoast_head_json":{"title":"2026'da Instagram Kanal\u0131 Nas\u0131l A\u00e7\u0131l\u0131r? [Ad\u0131m Ad\u0131m Anlat\u0131m]","description":"'Instagram\u2019da kanal nas\u0131l a\u00e7\u0131l\u0131r?' sorusunu ad\u0131m ad\u0131m anlat\u0131yoruz. Kendi yay\u0131n kanal\u0131n\u0131z\u0131 olu\u015fturup takip\u00e7ilerinizle anl\u0131k i\u00e7erik payla\u015fmak i\u00e7in t\u0131klay\u0131n.","robots":{"index":"index","follow":"follow","max-snippet":"max-snippet:-1","max-image-preview":"max-image-preview:large","max-video-preview":"max-video-preview:-1"},"canonical":"https:\/\/sosyalzone.com\/blog\/instagram-kanali-nasil-acilir\/","og_locale":"tr_TR","og_type":"article","og_title":"2026'da Instagram Kanal\u0131 Nas\u0131l A\u00e7\u0131l\u0131r? [Ad\u0131m Ad\u0131m Anlat\u0131m]","og_description":"'Instagram\u2019da kanal nas\u0131l a\u00e7\u0131l\u0131r?' sorusunu ad\u0131m ad\u0131m anlat\u0131yoruz. Kendi yay\u0131n kanal\u0131n\u0131z\u0131 olu\u015fturup takip\u00e7ilerinizle anl\u0131k i\u00e7erik payla\u015fmak i\u00e7in t\u0131klay\u0131n.","og_url":"https:\/\/sosyalzone.com\/blog\/instagram-kanali-nasil-acilir\/","og_site_name":"SosyalZone Blog","article_published_time":"2025-12-09T15:06:38+00:00","article_modified_time":"2025-12-09T15:10:56+00:00","og_image":[{"width":2400,"height":1792,"url":"https:\/\/sosyalzone.com\/blog\/wp-content\/uploads\/2025\/12\/2025te-instagram-kanali-nasil-acilir.webp","type":"image\/webp"}],"author":"Emir \u00d6zt\u00fcrk","twitter_card":"summary_large_image","twitter_misc":{"Yazan:":"Emir \u00d6zt\u00fcrk","Tahmini okuma s\u00fcresi":"8 dakika"},"schema":{"@context":"https:\/\/schema.org","@graph":[{"@type":"WebPage","@id":"https:\/\/sosyalzone.com\/blog\/instagram-kanali-nasil-acilir\/","url":"https:\/\/sosyalzone.com\/blog\/instagram-kanali-nasil-acilir\/","name":"2026'da Instagram Kanal\u0131 Nas\u0131l A\u00e7\u0131l\u0131r? [Ad\u0131m Ad\u0131m Anlat\u0131m]","isPartOf":{"@id":"https:\/\/sosyalzone.com\/blog\/#website"},"primaryImageOfPage":{"@id":"https:\/\/sosyalzone.com\/blog\/instagram-kanali-nasil-acilir\/#primaryimage"},"image":{"@id":"https:\/\/sosyalzone.com\/blog\/instagram-kanali-nasil-acilir\/#primaryimage"},"thumbnailUrl":"https:\/\/sosyalzone.com\/blog\/wp-content\/uploads\/2025\/12\/2025te-instagram-kanali-nasil-acilir.webp","datePublished":"2025-12-09T15:06:38+00:00","dateModified":"2025-12-09T15:10:56+00:00","author":{"@id":"https:\/\/sosyalzone.com\/blog\/#\/schema\/person\/ce53b21ca66b0aecc66af17a6b6a43b0"},"description":"'Instagram\u2019da kanal nas\u0131l a\u00e7\u0131l\u0131r?' sorusunu ad\u0131m ad\u0131m anlat\u0131yoruz. Kendi yay\u0131n kanal\u0131n\u0131z\u0131 olu\u015fturup takip\u00e7ilerinizle anl\u0131k i\u00e7erik payla\u015fmak i\u00e7in t\u0131klay\u0131n.","breadcrumb":{"@id":"https:\/\/sosyalzone.com\/blog\/instagram-kanali-nasil-acilir\/#breadcrumb"},"inLanguage":"tr","potentialAction":[{"@type":"ReadAction","target":["https:\/\/sosyalzone.com\/blog\/instagram-kanali-nasil-acilir\/"]}]},{"@type":"ImageObject","inLanguage":"tr","@id":"https:\/\/sosyalzone.com\/blog\/instagram-kanali-nasil-acilir\/#primaryimage","url":"https:\/\/sosyalzone.com\/blog\/wp-content\/uploads\/2025\/12\/2025te-instagram-kanali-nasil-acilir.webp","contentUrl":"https:\/\/sosyalzone.com\/blog\/wp-content\/uploads\/2025\/12\/2025te-instagram-kanali-nasil-acilir.webp","width":2400,"height":1792,"caption":"2025'te Instagram Kanal\u0131 Nas\u0131l A\u00e7\u0131l\u0131r?"},{"@type":"BreadcrumbList","@id":"https:\/\/sosyalzone.com\/blog\/instagram-kanali-nasil-acilir\/#breadcrumb","itemListElement":[{"@type":"ListItem","position":1,"name":"Anasayfa","item":"https:\/\/sosyalzone.com\/blog\/"},{"@type":"ListItem","position":2,"name":"2026&#8217;da Instagram Kanal\u0131 Nas\u0131l A\u00e7\u0131l\u0131r?"}]},{"@type":"WebSite","@id":"https:\/\/sosyalzone.com\/blog\/#website","url":"https:\/\/sosyalzone.com\/blog\/","name":"SosyalZone Blog","description":"","potentialAction":[{"@type":"SearchAction","target":{"@type":"EntryPoint","urlTemplate":"https:\/\/sosyalzone.com\/blog\/?s={search_term_string}"},"query-input":{"@type":"PropertyValueSpecification","valueRequired":true,"valueName":"search_term_string"}}],"inLanguage":"tr"},{"@type":"Person","@id":"https:\/\/sosyalzone.com\/blog\/#\/schema\/person\/ce53b21ca66b0aecc66af17a6b6a43b0","name":"Emir \u00d6zt\u00fcrk","image":{"@type":"ImageObject","inLanguage":"tr","@id":"https:\/\/sosyalzone.com\/blog\/#\/schema\/person\/image\/","url":"https:\/\/secure.gravatar.com\/avatar\/992544928b1cf7117997f6848d148368fbda027bcd3c68a53fe341bee87bbb4f?s=96&d=mm&r=g","contentUrl":"https:\/\/secure.gravatar.com\/avatar\/992544928b1cf7117997f6848d148368fbda027bcd3c68a53fe341bee87bbb4f?s=96&d=mm&r=g","caption":"Emir \u00d6zt\u00fcrk"},"description":"\u0130lgisini \u00e7eken konularda ara\u015ft\u0131rmay\u0131 ve yazmay\u0131 sever! Sosyal medya, teknoloji gibi konularda bilgi edinmek i\u00e7in blog yaz\u0131lar\u0131m\u0131 takip edebilirsiniz.","url":"https:\/\/sosyalzone.com\/blog\/author\/admin\/"}]}},"_links":{"self":[{"href":"https:\/\/sosyalzone.com\/blog\/wp-json\/wp\/v2\/posts\/1549","targetHints":{"allow":["GET"]}}],"collection":[{"href":"https:\/\/sosyalzone.com\/blog\/wp-json\/wp\/v2\/posts"}],"about":[{"href":"https:\/\/sosyalzone.com\/blog\/wp-json\/wp\/v2\/types\/post"}],"author":[{"embeddable":true,"href":"https:\/\/sosyalzone.com\/blog\/wp-json\/wp\/v2\/users\/1"}],"replies":[{"embeddable":true,"href":"https:\/\/sosyalzone.com\/blog\/wp-json\/wp\/v2\/comments?post=1549"}],"version-history":[{"count":5,"href":"https:\/\/sosyalzone.com\/blog\/wp-json\/wp\/v2\/posts\/1549\/revisions"}],"predecessor-version":[{"id":1559,"href":"https:\/\/sosyalzone.com\/blog\/wp-json\/wp\/v2\/posts\/1549\/revisions\/1559"}],"wp:featuredmedia":[{"embeddable":true,"href":"https:\/\/sosyalzone.com\/blog\/wp-json\/wp\/v2\/media\/1550"}],"wp:attachment":[{"href":"https:\/\/sosyalzone.com\/blog\/wp-json\/wp\/v2\/media?parent=1549"}],"wp:term":[{"taxonomy":"category","embeddable":true,"href":"https:\/\/sosyalzone.com\/blog\/wp-json\/wp\/v2\/categories?post=1549"},{"taxonomy":"post_tag","embeddable":true,"href":"https:\/\/sosyalzone.com\/blog\/wp-json\/wp\/v2\/tags?post=1549"}],"curies":[{"name":"wp","href":"https:\/\/api.w.org\/{rel}","templated":true}]}}