{"id":299,"date":"2024-09-17T06:51:42","date_gmt":"2024-09-17T06:51:42","guid":{"rendered":"https:\/\/sosyalzone.com\/blog\/?p=299"},"modified":"2025-12-24T07:09:36","modified_gmt":"2025-12-24T07:09:36","slug":"facebook-sayfa-birlestirme-nasil-yapilir","status":"publish","type":"post","link":"https:\/\/sosyalzone.com\/blog\/facebook-sayfa-birlestirme-nasil-yapilir\/","title":{"rendered":"Facebook Sayfa Birle\u015ftirme Nas\u0131l Yap\u0131l\u0131r? (2026)"},"content":{"rendered":"<p><span style=\"font-weight: 400;\">Facebook\u2019ta daha \u00f6nceden a\u00e7m\u0131\u015f oldu\u011funuz ayn\u0131 firma ya da ki\u015fiye ait iki sayfa belli bir s\u00fcre sonra gereksiz olabilir. Bundan dolay\u0131 da Facebook sayfa birle\u015ftirme i\u015flemine ihtiya\u00e7 duyars\u0131n\u0131z. \u0130\u015flemi ger\u00e7ekle\u015ftirdikten sonra hesaplar\u0131n\u0131z\u0131 iki sayfa yerine tek sayfa \u00fczerinden y\u00f6netebilirsiniz. Hedef kitlenize de b\u00f6ylece daha kolay ula\u015fabilirsiniz \u00d6zellikle sosyal medya y\u00f6netimi ile u\u011fra\u015fan ki\u015filer Facebook sayfa birle\u015ftirme nas\u0131l yap\u0131l\u0131r konusunda bilgi sahibi olmal\u0131d\u0131r. Facebook, bu i\u015flem yap\u0131l\u0131rken kullan\u0131c\u0131lar\u0131n baz\u0131 \u015fartlara uymas\u0131n\u0131 istemektedir. Facebook sayfa birle\u015ftirme yap\u0131l\u0131rken baz\u0131 sorunlarla da kar\u015f\u0131la\u015fabilirsiniz.<\/span><\/p>\n<h2><span style=\"font-weight: 400;\">Ad\u0131m Ad\u0131m Facebook Sayfa Birle\u015ftirme<\/span><\/h2>\n<p><img loading=\"lazy\" decoding=\"async\" class=\"alignnone wp-image-1203 size-full\" src=\"https:\/\/sosyalzone.com\/blog\/wp-content\/uploads\/2025\/10\/adim-adim-facebook-sayfa-birlestirme.webp\" alt=\"ad\u0131m ad\u0131m facebook sayfa birle\u015ftirme\" width=\"2000\" height=\"1325\" \/><\/p>\n<p><span style=\"font-weight: 400;\">Facebook\u2019ta sayfa birle\u015ftirme i\u015flemini yapmak olduk\u00e7a kolayd\u0131r. Sayfalar\u0131n\u0131z\u0131 birle\u015ftirmek i\u00e7in \u015fu ad\u0131mlar\u0131 izleyebilirsiniz:<\/span><\/p>\n<ol>\n<li style=\"font-weight: 400;\" aria-level=\"1\"><span style=\"font-weight: 400;\"><a href=\"http:\/\/www.facebook.com\">Facebook<\/a>\u2019a girin ve sa\u011f \u00fcstte yer alan profil foto\u011fraf\u0131n\u0131za bas\u0131n.<\/span><\/li>\n<li style=\"font-weight: 400;\" aria-level=\"1\"><span style=\"font-weight: 400;\"><strong>\u201cT\u00fcm Profilleri G\u00f6r\u201d<\/strong> se\u00e7ene\u011fine bas\u0131n. Ge\u00e7mek istedi\u011finiz sayfay\u0131 buradan se\u00e7in.<\/span><\/li>\n<li style=\"font-weight: 400;\" aria-level=\"1\"><span style=\"font-weight: 400;\">Tekrar profil foto\u011fraf\u0131n\u0131za t\u0131klayarak <strong>&#8220;Ayarlar ve Gizlilik&#8221;<\/strong> b\u00f6l\u00fcm\u00fcne bas\u0131n.<\/span><\/li>\n<li style=\"font-weight: 400;\" aria-level=\"1\"><span style=\"font-weight: 400;\">Ard\u0131ndan <\/span><b>\u201cAyarlar\u201d<\/b><span style=\"font-weight: 400;\"> \u015feklinde ilerleyin.<\/span><\/li>\n<li style=\"font-weight: 400;\" aria-level=\"1\"><span style=\"font-weight: 400;\">Sol men\u00fcde yer alan <strong>&#8220;Sayfa Kurulumu&#8221;<\/strong>na t\u0131klay\u0131n.<\/span><\/li>\n<li style=\"font-weight: 400;\" aria-level=\"1\"><span style=\"font-weight: 400;\"><strong>&#8220;Sayfalar\u0131 Birle\u015ftir&#8221;<\/strong> se\u00e7ene\u011finin yan\u0131ndaki <strong>\u201cG\u00f6r\u201d<\/strong>e bas\u0131n.<\/span><\/li>\n<li style=\"font-weight: 400;\" aria-level=\"1\"><span style=\"font-weight: 400;\"><strong>&#8220;Birden Fazla Sayfay\u0131 Birle\u015ftir&#8221;<\/strong> se\u00e7ene\u011finin yan\u0131nda bulunan <strong>&#8220;\u0130ste\u011fi Ba\u015flat&#8221;<\/strong>a t\u0131klay\u0131n.<\/span><\/li>\n<\/ol>\n<p><span style=\"font-weight: 400;\">Yukar\u0131daki ad\u0131mlar\u0131 s\u0131ras\u0131yla uygulad\u0131\u011f\u0131n\u0131zda Facebook sayfa birle\u015ftirme i\u015flemlerini kolayca yapabilirsiniz. E\u011fer sayfa birle\u015ftirme se\u00e7eneklerini g\u00f6remiyorsan\u0131z bu durumda sayfalar\u0131n\u0131z\u0131n birle\u015ftirmeye uygun olmad\u0131\u011f\u0131n\u0131 anlayabilirsiniz. Facebook sayfa birle\u015ftirme i\u015flemlerini <strong>Business Manager\u2019dan da yapabilirsiniz.<\/strong><\/span><\/p>\n<h2><span style=\"font-weight: 400;\">Facebook Sayfa Birle\u015ftirme \u015eartlar\u0131<\/span><\/h2>\n<p><img loading=\"lazy\" decoding=\"async\" class=\"alignnone wp-image-1213 size-full\" src=\"https:\/\/sosyalzone.com\/blog\/wp-content\/uploads\/2025\/10\/facebook-sayfa-birlestirme-sartlari.webp\" alt=\"facebook sayfa birle\u015ftirme \u015fartlar\u0131\" width=\"1024\" height=\"536\" \/><\/p>\n<p><span style=\"font-weight: 400;\">\u0130ki adet Facebook hesab\u0131na eri\u015fiminiz varsa daha kolay bir y\u00f6netim i\u00e7in tek bir yerde toplayabilirsiniz. E\u011fer a\u015fa\u011f\u0131daki ko\u015fullar sa\u011flan\u0131yorsa Facebook sayfa birle\u015ftirme i\u015flemlerini kolayca yapabilirsiniz:<\/span><\/p>\n<ul>\n<li style=\"font-weight: 400;\" aria-level=\"1\"><span style=\"font-weight: 400;\">Sayfalar\u0131n\u0131z ayn\u0131 ada sahip ya da ayn\u0131 \u015feyi temsil ediyorsa. Sayfalar\u0131n\u0131z\u0131n ayn\u0131 ada sahip olmas\u0131n\u0131 istiyorsan\u0131z birisi i\u00e7in isim de\u011fi\u015fikli\u011fi talebinde bulunabilirsiniz. \u0130sim de\u011fi\u015fikli\u011fi talebi onayland\u0131ktan sonra sayfa birle\u015ftirme talebinde bulunabilirsiniz.<\/span><\/li>\n<li style=\"font-weight: 400;\" aria-level=\"1\"><span style=\"font-weight: 400;\">Fiziksel konumlar\u0131n her iki hesap i\u00e7in de ayn\u0131ysa.<\/span><\/li>\n<li style=\"font-weight: 400;\" aria-level=\"1\"><span style=\"font-weight: 400;\">Sayfalardan ikisi de ayn\u0131 Business Manager hesab\u0131nda kullan\u0131l\u0131yorsa.<\/span><\/li>\n<li style=\"font-weight: 400;\" aria-level=\"1\"><span style=\"font-weight: 400;\">Birle\u015ftirmek istedi\u011finiz sayfa Business Manager\u2019daki bir hesab\u0131n ana sayfas\u0131 de\u011filse.<\/span><\/li>\n<\/ul>\n<p><span style=\"font-weight: 400;\">\u015eu durumlarda Facebook sayfa birle\u015ftirme yap\u0131lamaz:<\/span><\/p>\n<ul>\n<li style=\"font-weight: 400;\" aria-level=\"1\"><span style=\"font-weight: 400;\">Global sayfa olarak g\u00f6z\u00fcken iki Facebook sayfas\u0131n\u0131 birle\u015ftiremezsiniz.<\/span><\/li>\n<li style=\"font-weight: 400;\" aria-level=\"1\"><span style=\"font-weight: 400;\">Do\u011frulanm\u0131\u015f bir sayfa ile do\u011frulanmam\u0131\u015f bir sayfa birle\u015ftirilemez.<\/span><\/li>\n<\/ul>\n<p><span style=\"font-weight: 400;\">Bir sayfada Facebook\u2019a eri\u015fiminiz varsa sayfan\u0131za ge\u00e7i\u015f yapabilir ve sayfa birle\u015ftirme talebinde bulunabilirsiniz. E\u011fer sayfada g\u00f6rev eri\u015fiminiz bulunuyorsa Facebook sayfalar\u0131n\u0131 birle\u015ftiremezsiniz. Sayfalar\u0131n\u0131z birle\u015ftirdikten sonra takip\u00e7ileriniz ve bildirimleriniz de tek bir sayfaya toplan\u0131r. Ayn\u0131 zamanda ba\u011fl\u0131 oldu\u011funuz gruplar da birle\u015ftirdi\u011finiz sayfaya eklenir. Birle\u015ftirdi\u011finiz sayfadaki g\u00f6nderiler, foto\u011fraflar, videolar, puanlamalar ve kullan\u0131c\u0131 ad\u0131 kal\u0131c\u0131 olarak silinir. Facebook\u2019ta bulunmas\u0131n\u0131 istemedi\u011finiz sayfa da kal\u0131c\u0131 olarak silinir. Facebook sayfa birle\u015ftirme i\u015flemini yapt\u0131ktan sonra bu i\u015flemi geri almak m\u00fcmk\u00fcn de\u011fildir. Sayfa birle\u015ftirme i\u015flemi sonras\u0131 aktifli\u011finizi kaybetmemek i\u00e7in &#8216;<a href=\"https:\/\/sosyalzone.com\/facebook-takipci-satin-al\/\">Facebook Takip\u00e7i Sat\u0131n Al<\/a>&#8216; sayfam\u0131zdan kendinize en uygun olan paketi se\u00e7ebilir, takip\u00e7i say\u0131n\u0131z\u0131 h\u0131zl\u0131ca art\u0131rabilirsiniz.<\/span><\/p>\n<h2><span style=\"font-weight: 400;\">Facebook Sayfa Birle\u015ftirirken Kar\u015f\u0131la\u015f\u0131lan Yayg\u0131n Sorunlar<\/span><\/h2>\n<p><span style=\"font-weight: 400;\">Facebook\u2019ta sayfalar\u0131n\u0131z\u0131 birle\u015ftirmek; m\u00fc\u015fterilerinizi ve hayranlar\u0131n\u0131z\u0131 tek bir noktada toplaman\u0131za olanak sa\u011flamaktad\u0131r. Ayn\u0131 zamanda mesajlar\u0131n\u0131z ve pazarlaman\u0131z \u00fczerinde de daha fazla kontrol sahibi olursunuz. Ancak baz\u0131 durumlarda sayfa birle\u015ftirme i\u015flemlerinde sorunlarla kar\u015f\u0131la\u015f\u0131labilir. Bu sorunun birden fazla cevab\u0131 olabilir. Birle\u015ftirmek istedi\u011finiz sayfalar\u0131n alt\u0131ndaki i\u00e7erikler, postlar ve konular birbirinden farkl\u0131 olabilir. Bu y\u00fczden Facebook sayfa birle\u015ftirme konusunda sorun ya\u015fayabilirsiniz. Facebook sayfalar\u0131n\u0131 birle\u015ftirmek i\u00e7in iki sayfan\u0131n da birbirine benzer olmas\u0131 gerekmektedir. Sayfa birle\u015ftirme onay\u0131n\u0131 Facebook vermektedir. Bundan dolay\u0131 \u00f6ncelikle Facebook\u2019a iki sayfan\u0131n ayn\u0131 sayfa oldu\u011funa ikna etmelisiniz. Sorunlar\u0131 bu \u015fekilde rahat\u00e7a \u00e7\u00f6zebilirsiniz.<\/span><\/p>\n<h2><span style=\"font-weight: 400;\">Facebook Sayfa Birle\u015ftirmenin Avantajlar\u0131<\/span><\/h2>\n<p><img loading=\"lazy\" decoding=\"async\" class=\"alignnone wp-image-1202 size-full\" src=\"https:\/\/sosyalzone.com\/blog\/wp-content\/uploads\/2025\/10\/facebook-sayfa-birlestirmenin-avantajlari.webp\" alt=\"facebook sayfa birle\u015ftirmenin avantajlar\u0131\" width=\"1024\" height=\"576\" \/><\/p>\n<p><span style=\"font-weight: 400;\">Facebook\u2019ta sayfa birle\u015ftirmenin kullan\u0131c\u0131ya sa\u011flayaca\u011f\u0131 bir\u00e7ok avantaj bulunmaktad\u0131r. Bu avantajlar\u0131 kullanarak daha sa\u011flam bir Facebook varl\u0131\u011f\u0131 olu\u015fturabilirsiniz. Sayfa birle\u015ftirme i\u00e7in en \u00f6nemli avantajlar \u015fu \u015fekildedir:<\/span><\/p>\n<ul>\n<li><span style=\"font-weight: 400;\"><strong>Daha Fazla Takip\u00e7i ve Etkile\u015fim:<\/strong> Sayfalar\u0131n\u0131z\u0131 birle\u015ftirerek daha fazla kullan\u0131c\u0131ya ula\u015fabilirsiniz. Ayn\u0131 zamanda etkile\u015fim oranlar\u0131n\u0131n artmas\u0131n\u0131 da bu i\u015flemle sa\u011flayabilirsiniz.<\/span><\/li>\n<li><span style=\"font-weight: 400;\"><strong>Kolay Y\u00f6netim:<\/strong> Tek bir sayfa \u00fczerinden b\u00fct\u00fcn hesaplar\u0131n\u0131z\u0131 y\u00f6netmek \u00e7ok daha avantajl\u0131d\u0131r. Birle\u015ftirilmi\u015f bir sayfa sayesinde zaman\u0131n\u0131z\u0131 daha verimli bir \u015fekilde y\u00f6netebilirsiniz.<\/span><\/li>\n<li><span style=\"font-weight: 400;\"><strong>Sa\u011flam Marka \u0130maj\u0131:<\/strong> Birle\u015ftirilmi\u015f sayfalar her zaman daha g\u00fc\u00e7l\u00fc bir marka imaj\u0131 olu\u015fturman\u0131z\u0131 sa\u011flar. Ayn\u0131 zamanda daha g\u00fcvenilir ve profesyonel bir marka olu\u015fturabilirsiniz.<\/span><\/li>\n<li><span style=\"font-weight: 400;\"><strong>\u0130yi Analitik Veriler:<\/strong> Birle\u015ftirilmi\u015f sayfada analitik veriler elde edebilirsiniz. Tek bir yerde toplanan veriler sayfan\u0131z\u0131n performans\u0131n\u0131 ve stratejilerini geli\u015ftirmede size yol g\u00f6sterir.<\/span><\/li>\n<\/ul>\n<p><span style=\"font-weight: 400;\">Yukar\u0131daki avantajlar, sayfalar\u0131n\u0131z\u0131 birle\u015ftirerek Facebook\u2019taki bilinirli\u011finizi artt\u0131rman\u0131za olanak sa\u011flar. Daha fazla ki\u015fiye ula\u015fmak, kolay y\u00f6netim sa\u011flamak ve marka bilinirli\u011finizi y\u00fckseltmek i\u00e7in sayfalar\u0131n\u0131z\u0131 birle\u015ftirebilirsiniz.<\/span><\/p>\n","protected":false},"excerpt":{"rendered":"<p>Facebook\u2019ta daha \u00f6nceden a\u00e7m\u0131\u015f oldu\u011funuz ayn\u0131 firma ya da ki\u015fiye ait iki sayfa belli bir s\u00fcre sonra gereksiz olabilir. Bundan dolay\u0131 da Facebook sayfa birle\u015ftirme i\u015flemine ihtiya\u00e7 duyars\u0131n\u0131z. \u0130\u015flemi ger\u00e7ekle\u015ftirdikten sonra hesaplar\u0131n\u0131z\u0131 iki sayfa yerine tek sayfa \u00fczerinden y\u00f6netebilirsiniz. Hedef kitlenize de b\u00f6ylece daha kolay ula\u015fabilirsiniz \u00d6zellikle sosyal medya y\u00f6netimi ile u\u011fra\u015fan ki\u015filer Facebook sayfa &hellip;<\/p>\n","protected":false},"author":1,"featured_media":1216,"comment_status":"open","ping_status":"open","sticky":false,"template":"","format":"standard","meta":{"footnotes":""},"categories":[13],"tags":[],"class_list":["post-299","post","type-post","status-publish","format-standard","has-post-thumbnail","hentry","category-nasil-yapilir"],"yoast_head":"<!-- This site is optimized with the Yoast SEO plugin v26.6 - https:\/\/yoast.com\/wordpress\/plugins\/seo\/ -->\n<title>Facebook Sayfa Birle\u015ftirme Nas\u0131l Yap\u0131l\u0131r? (2026) - SosyalZone Blog<\/title>\n<meta name=\"description\" content=\"Facebook sayfalar\u0131n\u0131z\u0131 birle\u015ftirerek y\u00f6netimi kolayla\u015ft\u0131rmak i\u00e7in Facebook sayfa birle\u015ftirme y\u00f6ntemini inceleyebilirsiniz.\" \/>\n<meta name=\"robots\" content=\"index, follow, max-snippet:-1, max-image-preview:large, max-video-preview:-1\" \/>\n<link rel=\"canonical\" href=\"https:\/\/sosyalzone.com\/blog\/facebook-sayfa-birlestirme-nasil-yapilir\/\" \/>\n<meta property=\"og:locale\" content=\"tr_TR\" \/>\n<meta property=\"og:type\" content=\"article\" \/>\n<meta property=\"og:title\" content=\"Facebook Sayfa Birle\u015ftirme Nas\u0131l Yap\u0131l\u0131r? (2026) - SosyalZone Blog\" \/>\n<meta property=\"og:description\" content=\"Facebook sayfalar\u0131n\u0131z\u0131 birle\u015ftirerek y\u00f6netimi kolayla\u015ft\u0131rmak i\u00e7in Facebook sayfa birle\u015ftirme y\u00f6ntemini inceleyebilirsiniz.\" \/>\n<meta property=\"og:url\" content=\"https:\/\/sosyalzone.com\/blog\/facebook-sayfa-birlestirme-nasil-yapilir\/\" \/>\n<meta property=\"og:site_name\" content=\"SosyalZone Blog\" \/>\n<meta property=\"article:published_time\" content=\"2024-09-17T06:51:42+00:00\" \/>\n<meta property=\"article:modified_time\" content=\"2025-12-24T07:09:36+00:00\" \/>\n<meta property=\"og:image\" content=\"https:\/\/sosyalzone.com\/blog\/wp-content\/uploads\/2025\/10\/facebook-sayfa-birlestirme-nasil-yapilir.webp\" \/>\n\t<meta property=\"og:image:width\" content=\"780\" \/>\n\t<meta property=\"og:image:height\" content=\"470\" \/>\n\t<meta property=\"og:image:type\" content=\"image\/webp\" \/>\n<meta name=\"author\" content=\"Emir \u00d6zt\u00fcrk\" \/>\n<meta name=\"twitter:card\" content=\"summary_large_image\" \/>\n<meta name=\"twitter:label1\" content=\"Yazan:\" \/>\n\t<meta name=\"twitter:data1\" content=\"Emir \u00d6zt\u00fcrk\" \/>\n\t<meta name=\"twitter:label2\" content=\"Tahmini okuma s\u00fcresi\" \/>\n\t<meta name=\"twitter:data2\" content=\"5 dakika\" \/>\n<script type=\"application\/ld+json\" class=\"yoast-schema-graph\">{\"@context\":\"https:\/\/schema.org\",\"@graph\":[{\"@type\":\"WebPage\",\"@id\":\"https:\/\/sosyalzone.com\/blog\/facebook-sayfa-birlestirme-nasil-yapilir\/\",\"url\":\"https:\/\/sosyalzone.com\/blog\/facebook-sayfa-birlestirme-nasil-yapilir\/\",\"name\":\"Facebook Sayfa Birle\u015ftirme Nas\u0131l Yap\u0131l\u0131r? (2026) - SosyalZone Blog\",\"isPartOf\":{\"@id\":\"https:\/\/sosyalzone.com\/blog\/#website\"},\"primaryImageOfPage\":{\"@id\":\"https:\/\/sosyalzone.com\/blog\/facebook-sayfa-birlestirme-nasil-yapilir\/#primaryimage\"},\"image\":{\"@id\":\"https:\/\/sosyalzone.com\/blog\/facebook-sayfa-birlestirme-nasil-yapilir\/#primaryimage\"},\"thumbnailUrl\":\"https:\/\/sosyalzone.com\/blog\/wp-content\/uploads\/2025\/10\/facebook-sayfa-birlestirme-nasil-yapilir.webp\",\"datePublished\":\"2024-09-17T06:51:42+00:00\",\"dateModified\":\"2025-12-24T07:09:36+00:00\",\"author\":{\"@id\":\"https:\/\/sosyalzone.com\/blog\/#\/schema\/person\/ce53b21ca66b0aecc66af17a6b6a43b0\"},\"description\":\"Facebook sayfalar\u0131n\u0131z\u0131 birle\u015ftirerek y\u00f6netimi kolayla\u015ft\u0131rmak i\u00e7in Facebook sayfa birle\u015ftirme y\u00f6ntemini inceleyebilirsiniz.\",\"breadcrumb\":{\"@id\":\"https:\/\/sosyalzone.com\/blog\/facebook-sayfa-birlestirme-nasil-yapilir\/#breadcrumb\"},\"inLanguage\":\"tr\",\"potentialAction\":[{\"@type\":\"ReadAction\",\"target\":[\"https:\/\/sosyalzone.com\/blog\/facebook-sayfa-birlestirme-nasil-yapilir\/\"]}]},{\"@type\":\"ImageObject\",\"inLanguage\":\"tr\",\"@id\":\"https:\/\/sosyalzone.com\/blog\/facebook-sayfa-birlestirme-nasil-yapilir\/#primaryimage\",\"url\":\"https:\/\/sosyalzone.com\/blog\/wp-content\/uploads\/2025\/10\/facebook-sayfa-birlestirme-nasil-yapilir.webp\",\"contentUrl\":\"https:\/\/sosyalzone.com\/blog\/wp-content\/uploads\/2025\/10\/facebook-sayfa-birlestirme-nasil-yapilir.webp\",\"width\":780,\"height\":470,\"caption\":\"Facebook Sayfa Birle\u015ftirme Nas\u0131l Yap\u0131l\u0131r?\"},{\"@type\":\"BreadcrumbList\",\"@id\":\"https:\/\/sosyalzone.com\/blog\/facebook-sayfa-birlestirme-nasil-yapilir\/#breadcrumb\",\"itemListElement\":[{\"@type\":\"ListItem\",\"position\":1,\"name\":\"Anasayfa\",\"item\":\"https:\/\/sosyalzone.com\/blog\/\"},{\"@type\":\"ListItem\",\"position\":2,\"name\":\"Facebook Sayfa Birle\u015ftirme Nas\u0131l Yap\u0131l\u0131r? (2026)\"}]},{\"@type\":\"WebSite\",\"@id\":\"https:\/\/sosyalzone.com\/blog\/#website\",\"url\":\"https:\/\/sosyalzone.com\/blog\/\",\"name\":\"SosyalZone Blog\",\"description\":\"\",\"potentialAction\":[{\"@type\":\"SearchAction\",\"target\":{\"@type\":\"EntryPoint\",\"urlTemplate\":\"https:\/\/sosyalzone.com\/blog\/?s={search_term_string}\"},\"query-input\":{\"@type\":\"PropertyValueSpecification\",\"valueRequired\":true,\"valueName\":\"search_term_string\"}}],\"inLanguage\":\"tr\"},{\"@type\":\"Person\",\"@id\":\"https:\/\/sosyalzone.com\/blog\/#\/schema\/person\/ce53b21ca66b0aecc66af17a6b6a43b0\",\"name\":\"Emir \u00d6zt\u00fcrk\",\"image\":{\"@type\":\"ImageObject\",\"inLanguage\":\"tr\",\"@id\":\"https:\/\/sosyalzone.com\/blog\/#\/schema\/person\/image\/\",\"url\":\"https:\/\/secure.gravatar.com\/avatar\/992544928b1cf7117997f6848d148368fbda027bcd3c68a53fe341bee87bbb4f?s=96&d=mm&r=g\",\"contentUrl\":\"https:\/\/secure.gravatar.com\/avatar\/992544928b1cf7117997f6848d148368fbda027bcd3c68a53fe341bee87bbb4f?s=96&d=mm&r=g\",\"caption\":\"Emir \u00d6zt\u00fcrk\"},\"description\":\"\u0130lgisini \u00e7eken konularda ara\u015ft\u0131rmay\u0131 ve yazmay\u0131 sever! Sosyal medya, teknoloji gibi konularda bilgi edinmek i\u00e7in blog yaz\u0131lar\u0131m\u0131 takip edebilirsiniz.\",\"url\":\"https:\/\/sosyalzone.com\/blog\/author\/admin\/\"}]}<\/script>\n<!-- \/ Yoast SEO plugin. -->","yoast_head_json":{"title":"Facebook Sayfa Birle\u015ftirme Nas\u0131l Yap\u0131l\u0131r? (2026) - SosyalZone Blog","description":"Facebook sayfalar\u0131n\u0131z\u0131 birle\u015ftirerek y\u00f6netimi kolayla\u015ft\u0131rmak i\u00e7in Facebook sayfa birle\u015ftirme y\u00f6ntemini inceleyebilirsiniz.","robots":{"index":"index","follow":"follow","max-snippet":"max-snippet:-1","max-image-preview":"max-image-preview:large","max-video-preview":"max-video-preview:-1"},"canonical":"https:\/\/sosyalzone.com\/blog\/facebook-sayfa-birlestirme-nasil-yapilir\/","og_locale":"tr_TR","og_type":"article","og_title":"Facebook Sayfa Birle\u015ftirme Nas\u0131l Yap\u0131l\u0131r? (2026) - SosyalZone Blog","og_description":"Facebook sayfalar\u0131n\u0131z\u0131 birle\u015ftirerek y\u00f6netimi kolayla\u015ft\u0131rmak i\u00e7in Facebook sayfa birle\u015ftirme y\u00f6ntemini inceleyebilirsiniz.","og_url":"https:\/\/sosyalzone.com\/blog\/facebook-sayfa-birlestirme-nasil-yapilir\/","og_site_name":"SosyalZone Blog","article_published_time":"2024-09-17T06:51:42+00:00","article_modified_time":"2025-12-24T07:09:36+00:00","og_image":[{"width":780,"height":470,"url":"https:\/\/sosyalzone.com\/blog\/wp-content\/uploads\/2025\/10\/facebook-sayfa-birlestirme-nasil-yapilir.webp","type":"image\/webp"}],"author":"Emir \u00d6zt\u00fcrk","twitter_card":"summary_large_image","twitter_misc":{"Yazan:":"Emir \u00d6zt\u00fcrk","Tahmini okuma s\u00fcresi":"5 dakika"},"schema":{"@context":"https:\/\/schema.org","@graph":[{"@type":"WebPage","@id":"https:\/\/sosyalzone.com\/blog\/facebook-sayfa-birlestirme-nasil-yapilir\/","url":"https:\/\/sosyalzone.com\/blog\/facebook-sayfa-birlestirme-nasil-yapilir\/","name":"Facebook Sayfa Birle\u015ftirme Nas\u0131l Yap\u0131l\u0131r? (2026) - SosyalZone Blog","isPartOf":{"@id":"https:\/\/sosyalzone.com\/blog\/#website"},"primaryImageOfPage":{"@id":"https:\/\/sosyalzone.com\/blog\/facebook-sayfa-birlestirme-nasil-yapilir\/#primaryimage"},"image":{"@id":"https:\/\/sosyalzone.com\/blog\/facebook-sayfa-birlestirme-nasil-yapilir\/#primaryimage"},"thumbnailUrl":"https:\/\/sosyalzone.com\/blog\/wp-content\/uploads\/2025\/10\/facebook-sayfa-birlestirme-nasil-yapilir.webp","datePublished":"2024-09-17T06:51:42+00:00","dateModified":"2025-12-24T07:09:36+00:00","author":{"@id":"https:\/\/sosyalzone.com\/blog\/#\/schema\/person\/ce53b21ca66b0aecc66af17a6b6a43b0"},"description":"Facebook sayfalar\u0131n\u0131z\u0131 birle\u015ftirerek y\u00f6netimi kolayla\u015ft\u0131rmak i\u00e7in Facebook sayfa birle\u015ftirme y\u00f6ntemini inceleyebilirsiniz.","breadcrumb":{"@id":"https:\/\/sosyalzone.com\/blog\/facebook-sayfa-birlestirme-nasil-yapilir\/#breadcrumb"},"inLanguage":"tr","potentialAction":[{"@type":"ReadAction","target":["https:\/\/sosyalzone.com\/blog\/facebook-sayfa-birlestirme-nasil-yapilir\/"]}]},{"@type":"ImageObject","inLanguage":"tr","@id":"https:\/\/sosyalzone.com\/blog\/facebook-sayfa-birlestirme-nasil-yapilir\/#primaryimage","url":"https:\/\/sosyalzone.com\/blog\/wp-content\/uploads\/2025\/10\/facebook-sayfa-birlestirme-nasil-yapilir.webp","contentUrl":"https:\/\/sosyalzone.com\/blog\/wp-content\/uploads\/2025\/10\/facebook-sayfa-birlestirme-nasil-yapilir.webp","width":780,"height":470,"caption":"Facebook Sayfa Birle\u015ftirme Nas\u0131l Yap\u0131l\u0131r?"},{"@type":"BreadcrumbList","@id":"https:\/\/sosyalzone.com\/blog\/facebook-sayfa-birlestirme-nasil-yapilir\/#breadcrumb","itemListElement":[{"@type":"ListItem","position":1,"name":"Anasayfa","item":"https:\/\/sosyalzone.com\/blog\/"},{"@type":"ListItem","position":2,"name":"Facebook Sayfa Birle\u015ftirme Nas\u0131l Yap\u0131l\u0131r? (2026)"}]},{"@type":"WebSite","@id":"https:\/\/sosyalzone.com\/blog\/#website","url":"https:\/\/sosyalzone.com\/blog\/","name":"SosyalZone Blog","description":"","potentialAction":[{"@type":"SearchAction","target":{"@type":"EntryPoint","urlTemplate":"https:\/\/sosyalzone.com\/blog\/?s={search_term_string}"},"query-input":{"@type":"PropertyValueSpecification","valueRequired":true,"valueName":"search_term_string"}}],"inLanguage":"tr"},{"@type":"Person","@id":"https:\/\/sosyalzone.com\/blog\/#\/schema\/person\/ce53b21ca66b0aecc66af17a6b6a43b0","name":"Emir \u00d6zt\u00fcrk","image":{"@type":"ImageObject","inLanguage":"tr","@id":"https:\/\/sosyalzone.com\/blog\/#\/schema\/person\/image\/","url":"https:\/\/secure.gravatar.com\/avatar\/992544928b1cf7117997f6848d148368fbda027bcd3c68a53fe341bee87bbb4f?s=96&d=mm&r=g","contentUrl":"https:\/\/secure.gravatar.com\/avatar\/992544928b1cf7117997f6848d148368fbda027bcd3c68a53fe341bee87bbb4f?s=96&d=mm&r=g","caption":"Emir \u00d6zt\u00fcrk"},"description":"\u0130lgisini \u00e7eken konularda ara\u015ft\u0131rmay\u0131 ve yazmay\u0131 sever! Sosyal medya, teknoloji gibi konularda bilgi edinmek i\u00e7in blog yaz\u0131lar\u0131m\u0131 takip edebilirsiniz.","url":"https:\/\/sosyalzone.com\/blog\/author\/admin\/"}]}},"_links":{"self":[{"href":"https:\/\/sosyalzone.com\/blog\/wp-json\/wp\/v2\/posts\/299","targetHints":{"allow":["GET"]}}],"collection":[{"href":"https:\/\/sosyalzone.com\/blog\/wp-json\/wp\/v2\/posts"}],"about":[{"href":"https:\/\/sosyalzone.com\/blog\/wp-json\/wp\/v2\/types\/post"}],"author":[{"embeddable":true,"href":"https:\/\/sosyalzone.com\/blog\/wp-json\/wp\/v2\/users\/1"}],"replies":[{"embeddable":true,"href":"https:\/\/sosyalzone.com\/blog\/wp-json\/wp\/v2\/comments?post=299"}],"version-history":[{"count":10,"href":"https:\/\/sosyalzone.com\/blog\/wp-json\/wp\/v2\/posts\/299\/revisions"}],"predecessor-version":[{"id":1592,"href":"https:\/\/sosyalzone.com\/blog\/wp-json\/wp\/v2\/posts\/299\/revisions\/1592"}],"wp:featuredmedia":[{"embeddable":true,"href":"https:\/\/sosyalzone.com\/blog\/wp-json\/wp\/v2\/media\/1216"}],"wp:attachment":[{"href":"https:\/\/sosyalzone.com\/blog\/wp-json\/wp\/v2\/media?parent=299"}],"wp:term":[{"taxonomy":"category","embeddable":true,"href":"https:\/\/sosyalzone.com\/blog\/wp-json\/wp\/v2\/categories?post=299"},{"taxonomy":"post_tag","embeddable":true,"href":"https:\/\/sosyalzone.com\/blog\/wp-json\/wp\/v2\/tags?post=299"}],"curies":[{"name":"wp","href":"https:\/\/api.w.org\/{rel}","templated":true}]}}